{"id":18,"count":3,"description":"","link":"https:\/\/canpa.cl\/wp\/tag\/ibclc\/","name":"ibclc","slug":"ibclc","taxonomy":"post_tag","meta":[],"yoast_head":"<!-- This site is optimized with the Yoast SEO plugin v26.0 - https:\/\/yoast.com\/wordpress\/plugins\/seo\/ -->\n<title>ibclc archivos - CANPA - Comunicaci\u00f3n Alimentaci\u00f3n Neonatal\/Pedi\u00e1trica Asesor\u00edas.<\/title>\n<meta name=\"robots\" content=\"index, follow, max-snippet:-1, max-image-preview:large, max-video-preview:-1\" \/>\n<link rel=\"canonical\" href=\"https:\/\/canpa.cl\/wp\/tag\/ibclc\/\" \/>\n<meta property=\"og:locale\" content=\"es_ES\" \/>\n<meta property=\"og:type\" content=\"article\" \/>\n<meta property=\"og:title\" content=\"ibclc archivos - CANPA - Comunicaci\u00f3n Alimentaci\u00f3n Neonatal\/Pedi\u00e1trica Asesor\u00edas.\" \/>\n<meta property=\"og:url\" content=\"https:\/\/canpa.cl\/wp\/tag\/ibclc\/\" \/>\n<meta property=\"og:site_name\" content=\"CANPA - Comunicaci\u00f3n Alimentaci\u00f3n Neonatal\/Pedi\u00e1trica Asesor\u00edas.\" \/>\n<meta name=\"twitter:card\" content=\"summary_large_image\" \/>\n<script type=\"application\/ld+json\" class=\"yoast-schema-graph\">{\"@context\":\"https:\/\/schema.org\",\"@graph\":[{\"@type\":\"CollectionPage\",\"@id\":\"https:\/\/canpa.cl\/wp\/tag\/ibclc\/\",\"url\":\"https:\/\/canpa.cl\/wp\/tag\/ibclc\/\",\"name\":\"ibclc archivos - CANPA - Comunicaci\u00f3n Alimentaci\u00f3n Neonatal\/Pedi\u00e1trica Asesor\u00edas.\",\"isPartOf\":{\"@id\":\"https:\/\/canpa.cl\/wp\/#website\"},\"breadcrumb\":{\"@id\":\"https:\/\/canpa.cl\/wp\/tag\/ibclc\/#breadcrumb\"},\"inLanguage\":\"es-CL\"},{\"@type\":\"BreadcrumbList\",\"@id\":\"https:\/\/canpa.cl\/wp\/tag\/ibclc\/#breadcrumb\",\"itemListElement\":[{\"@type\":\"ListItem\",\"position\":1,\"name\":\"Portada\",\"item\":\"https:\/\/canpa.cl\/wp\/\"},{\"@type\":\"ListItem\",\"position\":2,\"name\":\"ibclc\"}]},{\"@type\":\"WebSite\",\"@id\":\"https:\/\/canpa.cl\/wp\/#website\",\"url\":\"https:\/\/canpa.cl\/wp\/\",\"name\":\"CANPA - Comunicaci\u00f3n Alimentaci\u00f3n Neonatal\/Pedi\u00e1trica Asesor\u00edas.\",\"description\":\"Formaci\u00f3n para Profesionales de la Salud\",\"publisher\":{\"@id\":\"https:\/\/canpa.cl\/wp\/#organization\"},\"potentialAction\":[{\"@type\":\"SearchAction\",\"target\":{\"@type\":\"EntryPoint\",\"urlTemplate\":\"https:\/\/canpa.cl\/wp\/?s={search_term_string}\"},\"query-input\":{\"@type\":\"PropertyValueSpecification\",\"valueRequired\":true,\"valueName\":\"search_term_string\"}}],\"inLanguage\":\"es-CL\"},{\"@type\":\"Organization\",\"@id\":\"https:\/\/canpa.cl\/wp\/#organization\",\"name\":\"CANPA - Comunicaci\u00f3n Alimentaci\u00f3n Neonatal\/Pedi\u00e1trica Asesor\u00edas.\",\"url\":\"https:\/\/canpa.cl\/wp\/\",\"logo\":{\"@type\":\"ImageObject\",\"inLanguage\":\"es-CL\",\"@id\":\"https:\/\/canpa.cl\/wp\/#\/schema\/logo\/image\/\",\"url\":\"https:\/\/canpa.cl\/wp\/wp-content\/uploads\/2022\/04\/canpalogo.png\",\"contentUrl\":\"https:\/\/canpa.cl\/wp\/wp-content\/uploads\/2022\/04\/canpalogo.png\",\"width\":176,\"height\":52,\"caption\":\"CANPA - Comunicaci\u00f3n Alimentaci\u00f3n Neonatal\/Pedi\u00e1trica Asesor\u00edas.\"},\"image\":{\"@id\":\"https:\/\/canpa.cl\/wp\/#\/schema\/logo\/image\/\"},\"sameAs\":[\"https:\/\/www.facebook.com\/lactanciacanpa\/\",\"https:\/\/www.instagram.com\/lactanciacanpa\/\"]}]}<\/script>\n<!-- \/ Yoast SEO plugin. -->","yoast_head_json":{"title":"ibclc archivos - CANPA - Comunicaci\u00f3n Alimentaci\u00f3n Neonatal\/Pedi\u00e1trica Asesor\u00edas.","robots":{"index":"index","follow":"follow","max-snippet":"max-snippet:-1","max-image-preview":"max-image-preview:large","max-video-preview":"max-video-preview:-1"},"canonical":"https:\/\/canpa.cl\/wp\/tag\/ibclc\/","og_locale":"es_ES","og_type":"article","og_title":"ibclc archivos - CANPA - Comunicaci\u00f3n Alimentaci\u00f3n Neonatal\/Pedi\u00e1trica Asesor\u00edas.","og_url":"https:\/\/canpa.cl\/wp\/tag\/ibclc\/","og_site_name":"CANPA - Comunicaci\u00f3n Alimentaci\u00f3n Neonatal\/Pedi\u00e1trica Asesor\u00edas.","twitter_card":"summary_large_image","schema":{"@context":"https:\/\/schema.org","@graph":[{"@type":"CollectionPage","@id":"https:\/\/canpa.cl\/wp\/tag\/ibclc\/","url":"https:\/\/canpa.cl\/wp\/tag\/ibclc\/","name":"ibclc archivos - CANPA - Comunicaci\u00f3n Alimentaci\u00f3n Neonatal\/Pedi\u00e1trica Asesor\u00edas.","isPartOf":{"@id":"https:\/\/canpa.cl\/wp\/#website"},"breadcrumb":{"@id":"https:\/\/canpa.cl\/wp\/tag\/ibclc\/#breadcrumb"},"inLanguage":"es-CL"},{"@type":"BreadcrumbList","@id":"https:\/\/canpa.cl\/wp\/tag\/ibclc\/#breadcrumb","itemListElement":[{"@type":"ListItem","position":1,"name":"Portada","item":"https:\/\/canpa.cl\/wp\/"},{"@type":"ListItem","position":2,"name":"ibclc"}]},{"@type":"WebSite","@id":"https:\/\/canpa.cl\/wp\/#website","url":"https:\/\/canpa.cl\/wp\/","name":"CANPA - Comunicaci\u00f3n Alimentaci\u00f3n Neonatal\/Pedi\u00e1trica Asesor\u00edas.","description":"Formaci\u00f3n para Profesionales de la Salud","publisher":{"@id":"https:\/\/canpa.cl\/wp\/#organization"},"potentialAction":[{"@type":"SearchAction","target":{"@type":"EntryPoint","urlTemplate":"https:\/\/canpa.cl\/wp\/?s={search_term_string}"},"query-input":{"@type":"PropertyValueSpecification","valueRequired":true,"valueName":"search_term_string"}}],"inLanguage":"es-CL"},{"@type":"Organization","@id":"https:\/\/canpa.cl\/wp\/#organization","name":"CANPA - Comunicaci\u00f3n Alimentaci\u00f3n Neonatal\/Pedi\u00e1trica Asesor\u00edas.","url":"https:\/\/canpa.cl\/wp\/","logo":{"@type":"ImageObject","inLanguage":"es-CL","@id":"https:\/\/canpa.cl\/wp\/#\/schema\/logo\/image\/","url":"https:\/\/canpa.cl\/wp\/wp-content\/uploads\/2022\/04\/canpalogo.png","contentUrl":"https:\/\/canpa.cl\/wp\/wp-content\/uploads\/2022\/04\/canpalogo.png","width":176,"height":52,"caption":"CANPA - Comunicaci\u00f3n Alimentaci\u00f3n Neonatal\/Pedi\u00e1trica Asesor\u00edas."},"image":{"@id":"https:\/\/canpa.cl\/wp\/#\/schema\/logo\/image\/"},"sameAs":["https:\/\/www.facebook.com\/lactanciacanpa\/","https:\/\/www.instagram.com\/lactanciacanpa\/"]}]}},"_links":{"self":[{"href":"https:\/\/canpa.cl\/wp\/wp-json\/wp\/v2\/tags\/18","targetHints":{"allow":["GET"]}}],"collection":[{"href":"https:\/\/canpa.cl\/wp\/wp-json\/wp\/v2\/tags"}],"about":[{"href":"https:\/\/canpa.cl\/wp\/wp-json\/wp\/v2\/taxonomies\/post_tag"}],"wp:post_type":[{"href":"https:\/\/canpa.cl\/wp\/wp-json\/wp\/v2\/posts?tags=18"}],"curies":[{"name":"wp","href":"https:\/\/api.w.org\/{rel}","templated":true}]}}