{"id":2229,"date":"2023-02-27T21:52:00","date_gmt":"2023-02-27T21:52:00","guid":{"rendered":"https:\/\/canpa.cl\/wp\/?p=2229"},"modified":"2023-02-26T12:58:54","modified_gmt":"2023-02-26T12:58:54","slug":"nuestra-formacion-de-consejeria-en-lactancia-materna-es-la-unica-formacion-dirigida-a-profesionales-de-la-salud","status":"publish","type":"post","link":"https:\/\/canpa.cl\/wp\/nuestra-formacion-de-consejeria-en-lactancia-materna-es-la-unica-formacion-dirigida-a-profesionales-de-la-salud\/","title":{"rendered":"<strong>NUESTRA FORMACI\u00d3N DE CONSEJER\u00cdA EN LACTANCIA MATERNA ES LA \u00daNICA FORMACI\u00d3N DIRIGIDA A PROFESIONALES DE LA SALUD<\/strong>"},"content":{"rendered":"\n<p>Durante el 1993, cuando la Organizaci\u00f3n Panamericana de Salud (OPS) y la Organizaci\u00f3n Mundial de la Salud (OMS) inician la formaci\u00f3n de Consejer\u00eda en lactancia materna, esta fue pensada para aumentar los conocimientos de la poblaci\u00f3n general y profesionales relacionados con respecto a las buenas pr\u00e1cticas en Lactancia Materna.<\/p>\n\n\n\n<p>Desde esa fecha hasta hoy el desarrollo de esta especialidad se ha ido a acotando para ser realizada principalmente por profesionales de la salud, quienes manejan en especial el tema te\u00f3rico y pr\u00e1ctico de la comprensi\u00f3n de anatomofisiolog\u00eda del proceso del amamantamiento y la succi\u00f3n. Independiente de ello, existen consejeras sin formaci\u00f3n en salud que en ciertos contextos podr\u00edan realizar adecuadamente su trabajo, pero evidentemente podr\u00edan tener la limitante de conocimientos para ser resolutivas en algunas ocasiones.<\/p>\n\n\n\n<p>Por esa raz\u00f3n, nuestra <a href=\"https:\/\/canpa.cl\/wp\/formacion-de-consejeria-en-lactancia-materna\/2023\/02\/06\/\" data-type=\"URL\" data-id=\"https:\/\/canpa.cl\/wp\/formacion-de-consejeria-en-lactancia-materna\/2023\/02\/06\/\">Formaci\u00f3n de Consejer\u00eda en Lactancia Materna<\/a> establece el requisito de ser dirigida Exclusivamente para profesionales de la salud, de manera de formar a profesionales y estudiantes que puedan llevar a cabo las acciones necesarias en resoluci\u00f3n de problemas y en promoci\u00f3n de salud relacionada a pr\u00e1cticas de lactancia materna, desde una s\u00f3lida base te\u00f3rica que garantice que los egresados CANPA son competentes en cualquier contexto al que se enfrentan y que se apegan al uso de la pr\u00e1ctica basada en la evidencia.<\/p>\n\n\n\n<p>Esta formaci\u00f3n es para ti si quieres ser parte de esta comunidad y apoyar a miles de familias que pasan o pasar\u00e1n por el proceso de lactancia materna, siendo parte inolvidable de sus vidas. <a href=\"https:\/\/canpa.cl\/wp\/formacion-de-consejeria-en-lactancia-materna\/2023\/02\/06\/\" data-type=\"URL\" data-id=\"https:\/\/canpa.cl\/wp\/formacion-de-consejeria-en-lactancia-materna\/2023\/02\/06\/\">Aqu\u00ed encontrar\u00e1s la informaci\u00f3n y el programa general.<\/a><\/p>\n\n\n\n<p>A\u00fan est\u00e1s a tiempo de inscribirte con nosotros y obtener esta poderosa certificaci\u00f3n que comienza en mayo 2023, solo escr\u00edbenos a nuestro correo formacionlactanciaps@canpa.cl<\/p>\n\n\n\n<p>S\u00edguenos en<a href=\"https:\/\/www.instagram.com\/lactanciacanpa\/\" data-type=\"URL\" data-id=\"https:\/\/www.instagram.com\/lactanciacanpa\/\"> Instagram<\/a> y en nuestra <a href=\"https:\/\/canpa.cl\/wp\/\" data-type=\"URL\" data-id=\"https:\/\/canpa.cl\/wp\/\">p\u00e1gina web<\/a>!<\/p>\n","protected":false},"excerpt":{"rendered":"<p>Durante el 1993, cuando la Organizaci\u00f3n Panamericana de Salud (OPS) y la Organizaci\u00f3n Mundial de la Salud (OMS) inician la formaci\u00f3n de Consejer\u00eda en lactancia materna, esta fue pensada para aumentar los conocimientos de la poblaci\u00f3n general y profesionales relacionados con respecto a las buenas pr\u00e1cticas en Lactancia Materna. Desde esa fecha hasta hoy el [&hellip;]<\/p>\n","protected":false},"author":8,"featured_media":2230,"comment_status":"open","ping_status":"open","sticky":false,"template":"","format":"standard","meta":{"footnotes":""},"categories":[1],"tags":[47,51,17,20,21],"class_list":["post-2229","post","type-post","status-publish","format-standard","has-post-thumbnail","hentry","category-blog","tag-breastfeeding","tag-canpa","tag-curso","tag-lactancia","tag-materna"],"featured_image_src":{"landsacpe":["https:\/\/canpa.cl\/wp\/wp-content\/uploads\/2023\/02\/FLMPS-3-1140x445.png",1140,445,true],"list":["https:\/\/canpa.cl\/wp\/wp-content\/uploads\/2023\/02\/FLMPS-3-463x348.png",463,348,true],"medium":["https:\/\/canpa.cl\/wp\/wp-content\/uploads\/2023\/02\/FLMPS-3-300x157.png",300,157,true],"full":["https:\/\/canpa.cl\/wp\/wp-content\/uploads\/2023\/02\/FLMPS-3.png",1200,628,false]},"yoast_head":"<!-- This site is optimized with the Yoast SEO plugin v26.0 - https:\/\/yoast.com\/wordpress\/plugins\/seo\/ -->\n<title>NUESTRA FORMACI\u00d3N DE CONSEJER\u00cdA EN LACTANCIA MATERNA ES LA \u00daNICA FORMACI\u00d3N DIRIGIDA A PROFESIONALES DE LA SALUD - CANPA - Comunicaci\u00f3n Alimentaci\u00f3n Neonatal\/Pedi\u00e1trica Asesor\u00edas.<\/title>\n<meta name=\"robots\" content=\"index, follow, max-snippet:-1, max-image-preview:large, max-video-preview:-1\" \/>\n<link rel=\"canonical\" href=\"https:\/\/canpa.cl\/wp\/nuestra-formacion-de-consejeria-en-lactancia-materna-es-la-unica-formacion-dirigida-a-profesionales-de-la-salud\/\" \/>\n<meta property=\"og:locale\" content=\"es_ES\" \/>\n<meta property=\"og:type\" content=\"article\" \/>\n<meta property=\"og:title\" content=\"NUESTRA FORMACI\u00d3N DE CONSEJER\u00cdA EN LACTANCIA MATERNA ES LA \u00daNICA FORMACI\u00d3N DIRIGIDA A PROFESIONALES DE LA SALUD - CANPA - Comunicaci\u00f3n Alimentaci\u00f3n Neonatal\/Pedi\u00e1trica Asesor\u00edas.\" \/>\n<meta property=\"og:description\" content=\"Durante el 1993, cuando la Organizaci\u00f3n Panamericana de Salud (OPS) y la Organizaci\u00f3n Mundial de la Salud (OMS) inician la formaci\u00f3n de Consejer\u00eda en lactancia materna, esta fue pensada para aumentar los conocimientos de la poblaci\u00f3n general y profesionales relacionados con respecto a las buenas pr\u00e1cticas en Lactancia Materna. Desde esa fecha hasta hoy el [&hellip;]\" \/>\n<meta property=\"og:url\" content=\"https:\/\/canpa.cl\/wp\/nuestra-formacion-de-consejeria-en-lactancia-materna-es-la-unica-formacion-dirigida-a-profesionales-de-la-salud\/\" \/>\n<meta property=\"og:site_name\" content=\"CANPA - Comunicaci\u00f3n Alimentaci\u00f3n Neonatal\/Pedi\u00e1trica Asesor\u00edas.\" \/>\n<meta property=\"article:publisher\" content=\"https:\/\/www.facebook.com\/lactanciacanpa\/\" \/>\n<meta property=\"article:published_time\" content=\"2023-02-27T21:52:00+00:00\" \/>\n<meta property=\"og:image\" content=\"https:\/\/canpa.cl\/wp\/wp-content\/uploads\/2023\/02\/FLMPS-3.png\" \/>\n\t<meta property=\"og:image:width\" content=\"1200\" \/>\n\t<meta property=\"og:image:height\" content=\"628\" \/>\n\t<meta property=\"og:image:type\" content=\"image\/png\" \/>\n<meta name=\"author\" content=\"Comunicaciones CANPA\" \/>\n<meta name=\"twitter:card\" content=\"summary_large_image\" \/>\n<meta name=\"twitter:label1\" content=\"Escrito por\" \/>\n\t<meta name=\"twitter:data1\" content=\"Comunicaciones CANPA\" \/>\n\t<meta name=\"twitter:label2\" content=\"Tiempo estimado de lectura\" \/>\n\t<meta name=\"twitter:data2\" content=\"2 minutos\" \/>\n<script type=\"application\/ld+json\" class=\"yoast-schema-graph\">{\"@context\":\"https:\/\/schema.org\",\"@graph\":[{\"@type\":\"Article\",\"@id\":\"https:\/\/canpa.cl\/wp\/nuestra-formacion-de-consejeria-en-lactancia-materna-es-la-unica-formacion-dirigida-a-profesionales-de-la-salud\/#article\",\"isPartOf\":{\"@id\":\"https:\/\/canpa.cl\/wp\/nuestra-formacion-de-consejeria-en-lactancia-materna-es-la-unica-formacion-dirigida-a-profesionales-de-la-salud\/\"},\"author\":{\"name\":\"Comunicaciones CANPA\",\"@id\":\"https:\/\/canpa.cl\/wp\/#\/schema\/person\/ff6e04f0d2dc7b4abe7067a2564bbb5e\"},\"headline\":\"NUESTRA FORMACI\u00d3N DE CONSEJER\u00cdA EN LACTANCIA MATERNA ES LA \u00daNICA FORMACI\u00d3N DIRIGIDA A PROFESIONALES DE LA SALUD\",\"datePublished\":\"2023-02-27T21:52:00+00:00\",\"mainEntityOfPage\":{\"@id\":\"https:\/\/canpa.cl\/wp\/nuestra-formacion-de-consejeria-en-lactancia-materna-es-la-unica-formacion-dirigida-a-profesionales-de-la-salud\/\"},\"wordCount\":339,\"commentCount\":0,\"publisher\":{\"@id\":\"https:\/\/canpa.cl\/wp\/#organization\"},\"image\":{\"@id\":\"https:\/\/canpa.cl\/wp\/nuestra-formacion-de-consejeria-en-lactancia-materna-es-la-unica-formacion-dirigida-a-profesionales-de-la-salud\/#primaryimage\"},\"thumbnailUrl\":\"https:\/\/canpa.cl\/wp\/wp-content\/uploads\/2023\/02\/FLMPS-3.png\",\"keywords\":[\"breastfeeding\",\"canpa\",\"curso\",\"lactancia\",\"materna\"],\"articleSection\":[\"Blog\"],\"inLanguage\":\"es-CL\",\"potentialAction\":[{\"@type\":\"CommentAction\",\"name\":\"Comment\",\"target\":[\"https:\/\/canpa.cl\/wp\/nuestra-formacion-de-consejeria-en-lactancia-materna-es-la-unica-formacion-dirigida-a-profesionales-de-la-salud\/#respond\"]}]},{\"@type\":\"WebPage\",\"@id\":\"https:\/\/canpa.cl\/wp\/nuestra-formacion-de-consejeria-en-lactancia-materna-es-la-unica-formacion-dirigida-a-profesionales-de-la-salud\/\",\"url\":\"https:\/\/canpa.cl\/wp\/nuestra-formacion-de-consejeria-en-lactancia-materna-es-la-unica-formacion-dirigida-a-profesionales-de-la-salud\/\",\"name\":\"NUESTRA FORMACI\u00d3N DE CONSEJER\u00cdA EN LACTANCIA MATERNA ES LA \u00daNICA FORMACI\u00d3N DIRIGIDA A PROFESIONALES DE LA SALUD - CANPA - Comunicaci\u00f3n Alimentaci\u00f3n Neonatal\/Pedi\u00e1trica Asesor\u00edas.\",\"isPartOf\":{\"@id\":\"https:\/\/canpa.cl\/wp\/#website\"},\"primaryImageOfPage\":{\"@id\":\"https:\/\/canpa.cl\/wp\/nuestra-formacion-de-consejeria-en-lactancia-materna-es-la-unica-formacion-dirigida-a-profesionales-de-la-salud\/#primaryimage\"},\"image\":{\"@id\":\"https:\/\/canpa.cl\/wp\/nuestra-formacion-de-consejeria-en-lactancia-materna-es-la-unica-formacion-dirigida-a-profesionales-de-la-salud\/#primaryimage\"},\"thumbnailUrl\":\"https:\/\/canpa.cl\/wp\/wp-content\/uploads\/2023\/02\/FLMPS-3.png\",\"datePublished\":\"2023-02-27T21:52:00+00:00\",\"breadcrumb\":{\"@id\":\"https:\/\/canpa.cl\/wp\/nuestra-formacion-de-consejeria-en-lactancia-materna-es-la-unica-formacion-dirigida-a-profesionales-de-la-salud\/#breadcrumb\"},\"inLanguage\":\"es-CL\",\"potentialAction\":[{\"@type\":\"ReadAction\",\"target\":[\"https:\/\/canpa.cl\/wp\/nuestra-formacion-de-consejeria-en-lactancia-materna-es-la-unica-formacion-dirigida-a-profesionales-de-la-salud\/\"]}]},{\"@type\":\"ImageObject\",\"inLanguage\":\"es-CL\",\"@id\":\"https:\/\/canpa.cl\/wp\/nuestra-formacion-de-consejeria-en-lactancia-materna-es-la-unica-formacion-dirigida-a-profesionales-de-la-salud\/#primaryimage\",\"url\":\"https:\/\/canpa.cl\/wp\/wp-content\/uploads\/2023\/02\/FLMPS-3.png\",\"contentUrl\":\"https:\/\/canpa.cl\/wp\/wp-content\/uploads\/2023\/02\/FLMPS-3.png\",\"width\":1200,\"height\":628},{\"@type\":\"BreadcrumbList\",\"@id\":\"https:\/\/canpa.cl\/wp\/nuestra-formacion-de-consejeria-en-lactancia-materna-es-la-unica-formacion-dirigida-a-profesionales-de-la-salud\/#breadcrumb\",\"itemListElement\":[{\"@type\":\"ListItem\",\"position\":1,\"name\":\"Portada\",\"item\":\"https:\/\/canpa.cl\/wp\/\"},{\"@type\":\"ListItem\",\"position\":2,\"name\":\"NUESTRA FORMACI\u00d3N DE CONSEJER\u00cdA EN LACTANCIA MATERNA ES LA \u00daNICA FORMACI\u00d3N DIRIGIDA A PROFESIONALES DE LA SALUD\"}]},{\"@type\":\"WebSite\",\"@id\":\"https:\/\/canpa.cl\/wp\/#website\",\"url\":\"https:\/\/canpa.cl\/wp\/\",\"name\":\"CANPA - Comunicaci\u00f3n Alimentaci\u00f3n Neonatal\/Pedi\u00e1trica Asesor\u00edas.\",\"description\":\"Formaci\u00f3n para Profesionales de la Salud\",\"publisher\":{\"@id\":\"https:\/\/canpa.cl\/wp\/#organization\"},\"potentialAction\":[{\"@type\":\"SearchAction\",\"target\":{\"@type\":\"EntryPoint\",\"urlTemplate\":\"https:\/\/canpa.cl\/wp\/?s={search_term_string}\"},\"query-input\":{\"@type\":\"PropertyValueSpecification\",\"valueRequired\":true,\"valueName\":\"search_term_string\"}}],\"inLanguage\":\"es-CL\"},{\"@type\":\"Organization\",\"@id\":\"https:\/\/canpa.cl\/wp\/#organization\",\"name\":\"CANPA - Comunicaci\u00f3n Alimentaci\u00f3n Neonatal\/Pedi\u00e1trica Asesor\u00edas.\",\"url\":\"https:\/\/canpa.cl\/wp\/\",\"logo\":{\"@type\":\"ImageObject\",\"inLanguage\":\"es-CL\",\"@id\":\"https:\/\/canpa.cl\/wp\/#\/schema\/logo\/image\/\",\"url\":\"https:\/\/canpa.cl\/wp\/wp-content\/uploads\/2022\/04\/canpalogo.png\",\"contentUrl\":\"https:\/\/canpa.cl\/wp\/wp-content\/uploads\/2022\/04\/canpalogo.png\",\"width\":176,\"height\":52,\"caption\":\"CANPA - Comunicaci\u00f3n Alimentaci\u00f3n Neonatal\/Pedi\u00e1trica Asesor\u00edas.\"},\"image\":{\"@id\":\"https:\/\/canpa.cl\/wp\/#\/schema\/logo\/image\/\"},\"sameAs\":[\"https:\/\/www.facebook.com\/lactanciacanpa\/\",\"https:\/\/www.instagram.com\/lactanciacanpa\/\"]},{\"@type\":\"Person\",\"@id\":\"https:\/\/canpa.cl\/wp\/#\/schema\/person\/ff6e04f0d2dc7b4abe7067a2564bbb5e\",\"name\":\"Comunicaciones CANPA\",\"image\":{\"@type\":\"ImageObject\",\"inLanguage\":\"es-CL\",\"@id\":\"https:\/\/canpa.cl\/wp\/#\/schema\/person\/image\/\",\"url\":\"https:\/\/secure.gravatar.com\/avatar\/dbe0a3f32e3e7056ea971b2e14dd80fb27ec6f0b561eea8ada4e706d75479f7b?s=96&d=mm&r=g\",\"contentUrl\":\"https:\/\/secure.gravatar.com\/avatar\/dbe0a3f32e3e7056ea971b2e14dd80fb27ec6f0b561eea8ada4e706d75479f7b?s=96&d=mm&r=g\",\"caption\":\"Comunicaciones CANPA\"},\"url\":\"https:\/\/canpa.cl\/wp\/author\/difusion\/\"}]}<\/script>\n<!-- \/ Yoast SEO plugin. -->","yoast_head_json":{"title":"NUESTRA FORMACI\u00d3N DE CONSEJER\u00cdA EN LACTANCIA MATERNA ES LA \u00daNICA FORMACI\u00d3N DIRIGIDA A PROFESIONALES DE LA SALUD - CANPA - Comunicaci\u00f3n Alimentaci\u00f3n Neonatal\/Pedi\u00e1trica Asesor\u00edas.","robots":{"index":"index","follow":"follow","max-snippet":"max-snippet:-1","max-image-preview":"max-image-preview:large","max-video-preview":"max-video-preview:-1"},"canonical":"https:\/\/canpa.cl\/wp\/nuestra-formacion-de-consejeria-en-lactancia-materna-es-la-unica-formacion-dirigida-a-profesionales-de-la-salud\/","og_locale":"es_ES","og_type":"article","og_title":"NUESTRA FORMACI\u00d3N DE CONSEJER\u00cdA EN LACTANCIA MATERNA ES LA \u00daNICA FORMACI\u00d3N DIRIGIDA A PROFESIONALES DE LA SALUD - CANPA - Comunicaci\u00f3n Alimentaci\u00f3n Neonatal\/Pedi\u00e1trica Asesor\u00edas.","og_description":"Durante el 1993, cuando la Organizaci\u00f3n Panamericana de Salud (OPS) y la Organizaci\u00f3n Mundial de la Salud (OMS) inician la formaci\u00f3n de Consejer\u00eda en lactancia materna, esta fue pensada para aumentar los conocimientos de la poblaci\u00f3n general y profesionales relacionados con respecto a las buenas pr\u00e1cticas en Lactancia Materna. Desde esa fecha hasta hoy el [&hellip;]","og_url":"https:\/\/canpa.cl\/wp\/nuestra-formacion-de-consejeria-en-lactancia-materna-es-la-unica-formacion-dirigida-a-profesionales-de-la-salud\/","og_site_name":"CANPA - Comunicaci\u00f3n Alimentaci\u00f3n Neonatal\/Pedi\u00e1trica Asesor\u00edas.","article_publisher":"https:\/\/www.facebook.com\/lactanciacanpa\/","article_published_time":"2023-02-27T21:52:00+00:00","og_image":[{"width":1200,"height":628,"url":"https:\/\/canpa.cl\/wp\/wp-content\/uploads\/2023\/02\/FLMPS-3.png","type":"image\/png"}],"author":"Comunicaciones CANPA","twitter_card":"summary_large_image","twitter_misc":{"Escrito por":"Comunicaciones CANPA","Tiempo estimado de lectura":"2 minutos"},"schema":{"@context":"https:\/\/schema.org","@graph":[{"@type":"Article","@id":"https:\/\/canpa.cl\/wp\/nuestra-formacion-de-consejeria-en-lactancia-materna-es-la-unica-formacion-dirigida-a-profesionales-de-la-salud\/#article","isPartOf":{"@id":"https:\/\/canpa.cl\/wp\/nuestra-formacion-de-consejeria-en-lactancia-materna-es-la-unica-formacion-dirigida-a-profesionales-de-la-salud\/"},"author":{"name":"Comunicaciones CANPA","@id":"https:\/\/canpa.cl\/wp\/#\/schema\/person\/ff6e04f0d2dc7b4abe7067a2564bbb5e"},"headline":"NUESTRA FORMACI\u00d3N DE CONSEJER\u00cdA EN LACTANCIA MATERNA ES LA \u00daNICA FORMACI\u00d3N DIRIGIDA A PROFESIONALES DE LA SALUD","datePublished":"2023-02-27T21:52:00+00:00","mainEntityOfPage":{"@id":"https:\/\/canpa.cl\/wp\/nuestra-formacion-de-consejeria-en-lactancia-materna-es-la-unica-formacion-dirigida-a-profesionales-de-la-salud\/"},"wordCount":339,"commentCount":0,"publisher":{"@id":"https:\/\/canpa.cl\/wp\/#organization"},"image":{"@id":"https:\/\/canpa.cl\/wp\/nuestra-formacion-de-consejeria-en-lactancia-materna-es-la-unica-formacion-dirigida-a-profesionales-de-la-salud\/#primaryimage"},"thumbnailUrl":"https:\/\/canpa.cl\/wp\/wp-content\/uploads\/2023\/02\/FLMPS-3.png","keywords":["breastfeeding","canpa","curso","lactancia","materna"],"articleSection":["Blog"],"inLanguage":"es-CL","potentialAction":[{"@type":"CommentAction","name":"Comment","target":["https:\/\/canpa.cl\/wp\/nuestra-formacion-de-consejeria-en-lactancia-materna-es-la-unica-formacion-dirigida-a-profesionales-de-la-salud\/#respond"]}]},{"@type":"WebPage","@id":"https:\/\/canpa.cl\/wp\/nuestra-formacion-de-consejeria-en-lactancia-materna-es-la-unica-formacion-dirigida-a-profesionales-de-la-salud\/","url":"https:\/\/canpa.cl\/wp\/nuestra-formacion-de-consejeria-en-lactancia-materna-es-la-unica-formacion-dirigida-a-profesionales-de-la-salud\/","name":"NUESTRA FORMACI\u00d3N DE CONSEJER\u00cdA EN LACTANCIA MATERNA ES LA \u00daNICA FORMACI\u00d3N DIRIGIDA A PROFESIONALES DE LA SALUD - CANPA - Comunicaci\u00f3n Alimentaci\u00f3n Neonatal\/Pedi\u00e1trica Asesor\u00edas.","isPartOf":{"@id":"https:\/\/canpa.cl\/wp\/#website"},"primaryImageOfPage":{"@id":"https:\/\/canpa.cl\/wp\/nuestra-formacion-de-consejeria-en-lactancia-materna-es-la-unica-formacion-dirigida-a-profesionales-de-la-salud\/#primaryimage"},"image":{"@id":"https:\/\/canpa.cl\/wp\/nuestra-formacion-de-consejeria-en-lactancia-materna-es-la-unica-formacion-dirigida-a-profesionales-de-la-salud\/#primaryimage"},"thumbnailUrl":"https:\/\/canpa.cl\/wp\/wp-content\/uploads\/2023\/02\/FLMPS-3.png","datePublished":"2023-02-27T21:52:00+00:00","breadcrumb":{"@id":"https:\/\/canpa.cl\/wp\/nuestra-formacion-de-consejeria-en-lactancia-materna-es-la-unica-formacion-dirigida-a-profesionales-de-la-salud\/#breadcrumb"},"inLanguage":"es-CL","potentialAction":[{"@type":"ReadAction","target":["https:\/\/canpa.cl\/wp\/nuestra-formacion-de-consejeria-en-lactancia-materna-es-la-unica-formacion-dirigida-a-profesionales-de-la-salud\/"]}]},{"@type":"ImageObject","inLanguage":"es-CL","@id":"https:\/\/canpa.cl\/wp\/nuestra-formacion-de-consejeria-en-lactancia-materna-es-la-unica-formacion-dirigida-a-profesionales-de-la-salud\/#primaryimage","url":"https:\/\/canpa.cl\/wp\/wp-content\/uploads\/2023\/02\/FLMPS-3.png","contentUrl":"https:\/\/canpa.cl\/wp\/wp-content\/uploads\/2023\/02\/FLMPS-3.png","width":1200,"height":628},{"@type":"BreadcrumbList","@id":"https:\/\/canpa.cl\/wp\/nuestra-formacion-de-consejeria-en-lactancia-materna-es-la-unica-formacion-dirigida-a-profesionales-de-la-salud\/#breadcrumb","itemListElement":[{"@type":"ListItem","position":1,"name":"Portada","item":"https:\/\/canpa.cl\/wp\/"},{"@type":"ListItem","position":2,"name":"NUESTRA FORMACI\u00d3N DE CONSEJER\u00cdA EN LACTANCIA MATERNA ES LA \u00daNICA FORMACI\u00d3N DIRIGIDA A PROFESIONALES DE LA SALUD"}]},{"@type":"WebSite","@id":"https:\/\/canpa.cl\/wp\/#website","url":"https:\/\/canpa.cl\/wp\/","name":"CANPA - Comunicaci\u00f3n Alimentaci\u00f3n Neonatal\/Pedi\u00e1trica Asesor\u00edas.","description":"Formaci\u00f3n para Profesionales de la Salud","publisher":{"@id":"https:\/\/canpa.cl\/wp\/#organization"},"potentialAction":[{"@type":"SearchAction","target":{"@type":"EntryPoint","urlTemplate":"https:\/\/canpa.cl\/wp\/?s={search_term_string}"},"query-input":{"@type":"PropertyValueSpecification","valueRequired":true,"valueName":"search_term_string"}}],"inLanguage":"es-CL"},{"@type":"Organization","@id":"https:\/\/canpa.cl\/wp\/#organization","name":"CANPA - Comunicaci\u00f3n Alimentaci\u00f3n Neonatal\/Pedi\u00e1trica Asesor\u00edas.","url":"https:\/\/canpa.cl\/wp\/","logo":{"@type":"ImageObject","inLanguage":"es-CL","@id":"https:\/\/canpa.cl\/wp\/#\/schema\/logo\/image\/","url":"https:\/\/canpa.cl\/wp\/wp-content\/uploads\/2022\/04\/canpalogo.png","contentUrl":"https:\/\/canpa.cl\/wp\/wp-content\/uploads\/2022\/04\/canpalogo.png","width":176,"height":52,"caption":"CANPA - Comunicaci\u00f3n Alimentaci\u00f3n Neonatal\/Pedi\u00e1trica Asesor\u00edas."},"image":{"@id":"https:\/\/canpa.cl\/wp\/#\/schema\/logo\/image\/"},"sameAs":["https:\/\/www.facebook.com\/lactanciacanpa\/","https:\/\/www.instagram.com\/lactanciacanpa\/"]},{"@type":"Person","@id":"https:\/\/canpa.cl\/wp\/#\/schema\/person\/ff6e04f0d2dc7b4abe7067a2564bbb5e","name":"Comunicaciones CANPA","image":{"@type":"ImageObject","inLanguage":"es-CL","@id":"https:\/\/canpa.cl\/wp\/#\/schema\/person\/image\/","url":"https:\/\/secure.gravatar.com\/avatar\/dbe0a3f32e3e7056ea971b2e14dd80fb27ec6f0b561eea8ada4e706d75479f7b?s=96&d=mm&r=g","contentUrl":"https:\/\/secure.gravatar.com\/avatar\/dbe0a3f32e3e7056ea971b2e14dd80fb27ec6f0b561eea8ada4e706d75479f7b?s=96&d=mm&r=g","caption":"Comunicaciones CANPA"},"url":"https:\/\/canpa.cl\/wp\/author\/difusion\/"}]}},"_links":{"self":[{"href":"https:\/\/canpa.cl\/wp\/wp-json\/wp\/v2\/posts\/2229","targetHints":{"allow":["GET"]}}],"collection":[{"href":"https:\/\/canpa.cl\/wp\/wp-json\/wp\/v2\/posts"}],"about":[{"href":"https:\/\/canpa.cl\/wp\/wp-json\/wp\/v2\/types\/post"}],"author":[{"embeddable":true,"href":"https:\/\/canpa.cl\/wp\/wp-json\/wp\/v2\/users\/8"}],"replies":[{"embeddable":true,"href":"https:\/\/canpa.cl\/wp\/wp-json\/wp\/v2\/comments?post=2229"}],"version-history":[{"count":1,"href":"https:\/\/canpa.cl\/wp\/wp-json\/wp\/v2\/posts\/2229\/revisions"}],"predecessor-version":[{"id":2231,"href":"https:\/\/canpa.cl\/wp\/wp-json\/wp\/v2\/posts\/2229\/revisions\/2231"}],"wp:featuredmedia":[{"embeddable":true,"href":"https:\/\/canpa.cl\/wp\/wp-json\/wp\/v2\/media\/2230"}],"wp:attachment":[{"href":"https:\/\/canpa.cl\/wp\/wp-json\/wp\/v2\/media?parent=2229"}],"wp:term":[{"taxonomy":"category","embeddable":true,"href":"https:\/\/canpa.cl\/wp\/wp-json\/wp\/v2\/categories?post=2229"},{"taxonomy":"post_tag","embeddable":true,"href":"https:\/\/canpa.cl\/wp\/wp-json\/wp\/v2\/tags?post=2229"}],"curies":[{"name":"wp","href":"https:\/\/api.w.org\/{rel}","templated":true}]}}