{"id":1502,"date":"2022-08-19T02:56:32","date_gmt":"2022-08-19T02:56:32","guid":{"rendered":"https:\/\/canpa.cl\/wp\/?p=1502"},"modified":"2022-10-17T11:31:53","modified_gmt":"2022-10-17T11:31:53","slug":"semana-de-la-lactancia-2022","status":"publish","type":"post","link":"https:\/\/canpa.cl\/wp\/semana-de-la-lactancia-2022\/","title":{"rendered":"Agosto &#8211; Mes de la Lactancia"},"content":{"rendered":"<style>\/*! elementor - v3.6.5 - 27-04-2022 *\/<br \/>\n.elementor-widget-image{text-align:center}.elementor-widget-image a{display:inline-block}.elementor-widget-image a img[src$=\".svg\"]{width:48px}.elementor-widget-image img{vertical-align:middle;display:inline-block}<\/style>\n<p>\t\t\t\t\t\t\t\t\t\t\t\t<img loading=\"lazy\" decoding=\"async\" width=\"1024\" height=\"536\" src=\"https:\/\/canpa.cl\/wp\/wp-content\/uploads\/2022\/08\/Copia-de-curso-de-preparacion-1-1024x536.png\" alt=\"semana mundial de la lactancia 2022\" loading=\"lazy\" srcset=\"https:\/\/canpa.cl\/wp\/wp-content\/uploads\/2022\/08\/Copia-de-curso-de-preparacion-1-1024x536.png 1024w, https:\/\/canpa.cl\/wp\/wp-content\/uploads\/2022\/08\/Copia-de-curso-de-preparacion-1-768x402.png 768w, https:\/\/canpa.cl\/wp\/wp-content\/uploads\/2022\/08\/Copia-de-curso-de-preparacion-1-640x335.png 640w, https:\/\/canpa.cl\/wp\/wp-content\/uploads\/2022\/08\/Copia-de-curso-de-preparacion-1-400x209.png 400w, https:\/\/canpa.cl\/wp\/wp-content\/uploads\/2022\/08\/Copia-de-curso-de-preparacion-1-367x192.png 367w, https:\/\/canpa.cl\/wp\/wp-content\/uploads\/2022\/08\/Copia-de-curso-de-preparacion-1-600x314.png 600w\" sizes=\"auto, (max-width: 1024px) 100vw, 1024px\"><\/p>\n<style>\/*! elementor - v3.6.5 - 27-04-2022 *\/<br \/>\n.elementor-heading-title{padding:0;margin:0;line-height:1}.elementor-widget-heading .elementor-heading-title[class*=elementor-size-]>a{color:inherit;font-size:inherit;line-height:inherit}.elementor-widget-heading .elementor-heading-title.elementor-size-small{font-size:15px}.elementor-widget-heading .elementor-heading-title.elementor-size-medium{font-size:19px}.elementor-widget-heading .elementor-heading-title.elementor-size-large{font-size:29px}.elementor-widget-heading .elementor-heading-title.elementor-size-xl{font-size:39px}.elementor-widget-heading .elementor-heading-title.elementor-size-xxl{font-size:59px}<\/style>\n<h2>Actividades Semana Mundial de la Lactancia Materna 2022<\/h2>\n<p>Durante el mes de agosto, Lactancia Canpa desarroll\u00f3 transmisiones en vivo por instagram (lives) y un ciclo de webinars gratuitos a trav\u00e9s de su plataforma de youtube, algunas de las iniciativas que se desarrollaron en marco de la semana mundial de la lactancia materna del 1 al 7 de agosto, cuyo lema este a\u00f1o 2022 fue impulsemos la lactancia materna: apoyando y educando.<\/p>\n<p>En estas actividades participaron como exponentes e invitados, profesionales de diferentes \u00e1reas abordando diferentes tem\u00e1ticas ligadas a la lactancia materna. El 1 de agosto, se realiz\u00f3 el primer webinar con el tema &#8221; Los primeros 1000 d\u00edas y lactancia&#8221; a cargo de la Lic. Mariana Rios. As\u00ed tambi\u00e9n el d\u00eda 2 de agosto pudimos conversar en vivo a trav\u00e9s de instagram sobre &#8220;Salud mental y lactancia&#8221; con el Flgo. Eduardo C\u00f3rdova. Continuamos el 3 de agosto con otra transmisi\u00f3n en vivo sobre &#8220;Danza en porteo&#8221; con la Ps. Brenda Lizama&#8221;. El d\u00eda 4 de agosto aprendimos sobre &#8220;V\u00ednculo afectivo y lactancia&#8221; con la Ps. Carolina \u00c1lvares. Ya para el fin de semana pudimos actualizar nuestros conocimientos en frenillo lingual y su implicancia en la lactancia materna, el d\u00eda 5 de agosto, la Flga. Daniela Guzm\u00e1n realiz\u00f3 el webinar &#8220;Frenillo y Lactancia&#8221;. Para terminar esta incre\u00edble semana, la Abogada Sof\u00eda Vielma, estuvo conversando con nosotros acerca de la &#8220;Ley mila&#8221; sobre el acompa\u00f1amiento digno para padres de ni\u00f1os hospitalizados.&nbsp;<\/p>\n<p>Cada una de estas actividades quedaron grabadas, para que quienes no pudieron estar presente, puedan de todas maneras visualizar su contenido. Visita nuestra cuenta de Instagram&nbsp; Lactancia Canpa, donde cada transmisi\u00f3n en vivo queda en la secci\u00f3n de videos. As\u00ed tambi\u00e9n, puedes visualizar nuestros webinars en la plataforma de Youtube, nos encontrar\u00e1s como Lactancia Canpa.<\/p>\n<p>Finalmente agradecemos a toda nuestra comunidad por siempre acompa\u00f1arnos en cada una de nuestras actividades.<\/p>\n<p>Equipo Canpa.&nbsp;<\/p>\n","protected":false},"excerpt":{"rendered":"<p>Actividades Semana Mundial de la Lactancia Materna 2022 Durante el mes de agosto, Lactancia Canpa desarroll\u00f3 transmisiones en vivo por instagram (lives) y un ciclo de webinars gratuitos a trav\u00e9s de su plataforma de youtube, algunas de las iniciativas que se desarrollaron en marco de la semana mundial de la lactancia materna del 1 al [&hellip;]<\/p>\n","protected":false},"author":8,"featured_media":1503,"comment_status":"open","ping_status":"open","sticky":false,"template":"","format":"standard","meta":{"footnotes":""},"categories":[1],"tags":[],"class_list":["post-1502","post","type-post","status-publish","format-standard","has-post-thumbnail","hentry","category-blog"],"featured_image_src":{"landsacpe":["https:\/\/canpa.cl\/wp\/wp-content\/uploads\/2022\/08\/Copia-de-curso-de-preparacion-1-1140x445.png",1140,445,true],"list":["https:\/\/canpa.cl\/wp\/wp-content\/uploads\/2022\/08\/Copia-de-curso-de-preparacion-1-463x348.png",463,348,true],"medium":["https:\/\/canpa.cl\/wp\/wp-content\/uploads\/2022\/08\/Copia-de-curso-de-preparacion-1-300x157.png",300,157,true],"full":["https:\/\/canpa.cl\/wp\/wp-content\/uploads\/2022\/08\/Copia-de-curso-de-preparacion-1.png",1200,628,false]},"yoast_head":"<!-- This site is optimized with the Yoast SEO plugin v26.0 - https:\/\/yoast.com\/wordpress\/plugins\/seo\/ -->\n<title>Agosto - Mes de la Lactancia - CANPA - Comunicaci\u00f3n Alimentaci\u00f3n Neonatal\/Pedi\u00e1trica Asesor\u00edas.<\/title>\n<meta name=\"robots\" content=\"index, follow, max-snippet:-1, max-image-preview:large, max-video-preview:-1\" \/>\n<link rel=\"canonical\" href=\"https:\/\/canpa.cl\/wp\/semana-de-la-lactancia-2022\/\" \/>\n<meta property=\"og:locale\" content=\"es_ES\" \/>\n<meta property=\"og:type\" content=\"article\" \/>\n<meta property=\"og:title\" content=\"Agosto - Mes de la Lactancia - CANPA - Comunicaci\u00f3n Alimentaci\u00f3n Neonatal\/Pedi\u00e1trica Asesor\u00edas.\" \/>\n<meta property=\"og:description\" content=\"Actividades Semana Mundial de la Lactancia Materna 2022 Durante el mes de agosto, Lactancia Canpa desarroll\u00f3 transmisiones en vivo por instagram (lives) y un ciclo de webinars gratuitos a trav\u00e9s de su plataforma de youtube, algunas de las iniciativas que se desarrollaron en marco de la semana mundial de la lactancia materna del 1 al [&hellip;]\" \/>\n<meta property=\"og:url\" content=\"https:\/\/canpa.cl\/wp\/semana-de-la-lactancia-2022\/\" \/>\n<meta property=\"og:site_name\" content=\"CANPA - Comunicaci\u00f3n Alimentaci\u00f3n Neonatal\/Pedi\u00e1trica Asesor\u00edas.\" \/>\n<meta property=\"article:publisher\" content=\"https:\/\/www.facebook.com\/lactanciacanpa\/\" \/>\n<meta property=\"article:published_time\" content=\"2022-08-19T02:56:32+00:00\" \/>\n<meta property=\"article:modified_time\" content=\"2022-10-17T11:31:53+00:00\" \/>\n<meta property=\"og:image\" content=\"https:\/\/canpa.cl\/wp\/wp-content\/uploads\/2022\/08\/Copia-de-curso-de-preparacion-1.png\" \/>\n\t<meta property=\"og:image:width\" content=\"1200\" \/>\n\t<meta property=\"og:image:height\" content=\"628\" \/>\n\t<meta property=\"og:image:type\" content=\"image\/png\" \/>\n<meta name=\"author\" content=\"Comunicaciones CANPA\" \/>\n<meta name=\"twitter:card\" content=\"summary_large_image\" \/>\n<meta name=\"twitter:label1\" content=\"Escrito por\" \/>\n\t<meta name=\"twitter:data1\" content=\"Comunicaciones CANPA\" \/>\n\t<meta name=\"twitter:label2\" content=\"Tiempo estimado de lectura\" \/>\n\t<meta name=\"twitter:data2\" content=\"2 minutos\" \/>\n<script type=\"application\/ld+json\" class=\"yoast-schema-graph\">{\"@context\":\"https:\/\/schema.org\",\"@graph\":[{\"@type\":\"Article\",\"@id\":\"https:\/\/canpa.cl\/wp\/semana-de-la-lactancia-2022\/#article\",\"isPartOf\":{\"@id\":\"https:\/\/canpa.cl\/wp\/semana-de-la-lactancia-2022\/\"},\"author\":{\"name\":\"Comunicaciones CANPA\",\"@id\":\"https:\/\/canpa.cl\/wp\/#\/schema\/person\/ff6e04f0d2dc7b4abe7067a2564bbb5e\"},\"headline\":\"Agosto &#8211; Mes de la Lactancia\",\"datePublished\":\"2022-08-19T02:56:32+00:00\",\"dateModified\":\"2022-10-17T11:31:53+00:00\",\"mainEntityOfPage\":{\"@id\":\"https:\/\/canpa.cl\/wp\/semana-de-la-lactancia-2022\/\"},\"wordCount\":331,\"commentCount\":1,\"publisher\":{\"@id\":\"https:\/\/canpa.cl\/wp\/#organization\"},\"image\":{\"@id\":\"https:\/\/canpa.cl\/wp\/semana-de-la-lactancia-2022\/#primaryimage\"},\"thumbnailUrl\":\"https:\/\/canpa.cl\/wp\/wp-content\/uploads\/2022\/08\/Copia-de-curso-de-preparacion-1.png\",\"articleSection\":[\"Blog\"],\"inLanguage\":\"es-CL\",\"potentialAction\":[{\"@type\":\"CommentAction\",\"name\":\"Comment\",\"target\":[\"https:\/\/canpa.cl\/wp\/semana-de-la-lactancia-2022\/#respond\"]}]},{\"@type\":\"WebPage\",\"@id\":\"https:\/\/canpa.cl\/wp\/semana-de-la-lactancia-2022\/\",\"url\":\"https:\/\/canpa.cl\/wp\/semana-de-la-lactancia-2022\/\",\"name\":\"Agosto - Mes de la Lactancia - CANPA - Comunicaci\u00f3n Alimentaci\u00f3n Neonatal\/Pedi\u00e1trica Asesor\u00edas.\",\"isPartOf\":{\"@id\":\"https:\/\/canpa.cl\/wp\/#website\"},\"primaryImageOfPage\":{\"@id\":\"https:\/\/canpa.cl\/wp\/semana-de-la-lactancia-2022\/#primaryimage\"},\"image\":{\"@id\":\"https:\/\/canpa.cl\/wp\/semana-de-la-lactancia-2022\/#primaryimage\"},\"thumbnailUrl\":\"https:\/\/canpa.cl\/wp\/wp-content\/uploads\/2022\/08\/Copia-de-curso-de-preparacion-1.png\",\"datePublished\":\"2022-08-19T02:56:32+00:00\",\"dateModified\":\"2022-10-17T11:31:53+00:00\",\"breadcrumb\":{\"@id\":\"https:\/\/canpa.cl\/wp\/semana-de-la-lactancia-2022\/#breadcrumb\"},\"inLanguage\":\"es-CL\",\"potentialAction\":[{\"@type\":\"ReadAction\",\"target\":[\"https:\/\/canpa.cl\/wp\/semana-de-la-lactancia-2022\/\"]}]},{\"@type\":\"ImageObject\",\"inLanguage\":\"es-CL\",\"@id\":\"https:\/\/canpa.cl\/wp\/semana-de-la-lactancia-2022\/#primaryimage\",\"url\":\"https:\/\/canpa.cl\/wp\/wp-content\/uploads\/2022\/08\/Copia-de-curso-de-preparacion-1.png\",\"contentUrl\":\"https:\/\/canpa.cl\/wp\/wp-content\/uploads\/2022\/08\/Copia-de-curso-de-preparacion-1.png\",\"width\":1200,\"height\":628,\"caption\":\"semana mundial de la lactancia 2022\"},{\"@type\":\"BreadcrumbList\",\"@id\":\"https:\/\/canpa.cl\/wp\/semana-de-la-lactancia-2022\/#breadcrumb\",\"itemListElement\":[{\"@type\":\"ListItem\",\"position\":1,\"name\":\"Portada\",\"item\":\"https:\/\/canpa.cl\/wp\/\"},{\"@type\":\"ListItem\",\"position\":2,\"name\":\"Agosto &#8211; Mes de la Lactancia\"}]},{\"@type\":\"WebSite\",\"@id\":\"https:\/\/canpa.cl\/wp\/#website\",\"url\":\"https:\/\/canpa.cl\/wp\/\",\"name\":\"CANPA - Comunicaci\u00f3n Alimentaci\u00f3n Neonatal\/Pedi\u00e1trica Asesor\u00edas.\",\"description\":\"Formaci\u00f3n para Profesionales de la Salud\",\"publisher\":{\"@id\":\"https:\/\/canpa.cl\/wp\/#organization\"},\"potentialAction\":[{\"@type\":\"SearchAction\",\"target\":{\"@type\":\"EntryPoint\",\"urlTemplate\":\"https:\/\/canpa.cl\/wp\/?s={search_term_string}\"},\"query-input\":{\"@type\":\"PropertyValueSpecification\",\"valueRequired\":true,\"valueName\":\"search_term_string\"}}],\"inLanguage\":\"es-CL\"},{\"@type\":\"Organization\",\"@id\":\"https:\/\/canpa.cl\/wp\/#organization\",\"name\":\"CANPA - Comunicaci\u00f3n Alimentaci\u00f3n Neonatal\/Pedi\u00e1trica Asesor\u00edas.\",\"url\":\"https:\/\/canpa.cl\/wp\/\",\"logo\":{\"@type\":\"ImageObject\",\"inLanguage\":\"es-CL\",\"@id\":\"https:\/\/canpa.cl\/wp\/#\/schema\/logo\/image\/\",\"url\":\"https:\/\/canpa.cl\/wp\/wp-content\/uploads\/2022\/04\/canpalogo.png\",\"contentUrl\":\"https:\/\/canpa.cl\/wp\/wp-content\/uploads\/2022\/04\/canpalogo.png\",\"width\":176,\"height\":52,\"caption\":\"CANPA - Comunicaci\u00f3n Alimentaci\u00f3n Neonatal\/Pedi\u00e1trica Asesor\u00edas.\"},\"image\":{\"@id\":\"https:\/\/canpa.cl\/wp\/#\/schema\/logo\/image\/\"},\"sameAs\":[\"https:\/\/www.facebook.com\/lactanciacanpa\/\",\"https:\/\/www.instagram.com\/lactanciacanpa\/\"]},{\"@type\":\"Person\",\"@id\":\"https:\/\/canpa.cl\/wp\/#\/schema\/person\/ff6e04f0d2dc7b4abe7067a2564bbb5e\",\"name\":\"Comunicaciones CANPA\",\"image\":{\"@type\":\"ImageObject\",\"inLanguage\":\"es-CL\",\"@id\":\"https:\/\/canpa.cl\/wp\/#\/schema\/person\/image\/\",\"url\":\"https:\/\/secure.gravatar.com\/avatar\/dbe0a3f32e3e7056ea971b2e14dd80fb27ec6f0b561eea8ada4e706d75479f7b?s=96&d=mm&r=g\",\"contentUrl\":\"https:\/\/secure.gravatar.com\/avatar\/dbe0a3f32e3e7056ea971b2e14dd80fb27ec6f0b561eea8ada4e706d75479f7b?s=96&d=mm&r=g\",\"caption\":\"Comunicaciones CANPA\"},\"url\":\"https:\/\/canpa.cl\/wp\/author\/difusion\/\"}]}<\/script>\n<!-- \/ Yoast SEO plugin. -->","yoast_head_json":{"title":"Agosto - Mes de la Lactancia - CANPA - Comunicaci\u00f3n Alimentaci\u00f3n Neonatal\/Pedi\u00e1trica Asesor\u00edas.","robots":{"index":"index","follow":"follow","max-snippet":"max-snippet:-1","max-image-preview":"max-image-preview:large","max-video-preview":"max-video-preview:-1"},"canonical":"https:\/\/canpa.cl\/wp\/semana-de-la-lactancia-2022\/","og_locale":"es_ES","og_type":"article","og_title":"Agosto - Mes de la Lactancia - CANPA - Comunicaci\u00f3n Alimentaci\u00f3n Neonatal\/Pedi\u00e1trica Asesor\u00edas.","og_description":"Actividades Semana Mundial de la Lactancia Materna 2022 Durante el mes de agosto, Lactancia Canpa desarroll\u00f3 transmisiones en vivo por instagram (lives) y un ciclo de webinars gratuitos a trav\u00e9s de su plataforma de youtube, algunas de las iniciativas que se desarrollaron en marco de la semana mundial de la lactancia materna del 1 al [&hellip;]","og_url":"https:\/\/canpa.cl\/wp\/semana-de-la-lactancia-2022\/","og_site_name":"CANPA - Comunicaci\u00f3n Alimentaci\u00f3n Neonatal\/Pedi\u00e1trica Asesor\u00edas.","article_publisher":"https:\/\/www.facebook.com\/lactanciacanpa\/","article_published_time":"2022-08-19T02:56:32+00:00","article_modified_time":"2022-10-17T11:31:53+00:00","og_image":[{"width":1200,"height":628,"url":"https:\/\/canpa.cl\/wp\/wp-content\/uploads\/2022\/08\/Copia-de-curso-de-preparacion-1.png","type":"image\/png"}],"author":"Comunicaciones CANPA","twitter_card":"summary_large_image","twitter_misc":{"Escrito por":"Comunicaciones CANPA","Tiempo estimado de lectura":"2 minutos"},"schema":{"@context":"https:\/\/schema.org","@graph":[{"@type":"Article","@id":"https:\/\/canpa.cl\/wp\/semana-de-la-lactancia-2022\/#article","isPartOf":{"@id":"https:\/\/canpa.cl\/wp\/semana-de-la-lactancia-2022\/"},"author":{"name":"Comunicaciones CANPA","@id":"https:\/\/canpa.cl\/wp\/#\/schema\/person\/ff6e04f0d2dc7b4abe7067a2564bbb5e"},"headline":"Agosto &#8211; Mes de la Lactancia","datePublished":"2022-08-19T02:56:32+00:00","dateModified":"2022-10-17T11:31:53+00:00","mainEntityOfPage":{"@id":"https:\/\/canpa.cl\/wp\/semana-de-la-lactancia-2022\/"},"wordCount":331,"commentCount":1,"publisher":{"@id":"https:\/\/canpa.cl\/wp\/#organization"},"image":{"@id":"https:\/\/canpa.cl\/wp\/semana-de-la-lactancia-2022\/#primaryimage"},"thumbnailUrl":"https:\/\/canpa.cl\/wp\/wp-content\/uploads\/2022\/08\/Copia-de-curso-de-preparacion-1.png","articleSection":["Blog"],"inLanguage":"es-CL","potentialAction":[{"@type":"CommentAction","name":"Comment","target":["https:\/\/canpa.cl\/wp\/semana-de-la-lactancia-2022\/#respond"]}]},{"@type":"WebPage","@id":"https:\/\/canpa.cl\/wp\/semana-de-la-lactancia-2022\/","url":"https:\/\/canpa.cl\/wp\/semana-de-la-lactancia-2022\/","name":"Agosto - Mes de la Lactancia - CANPA - Comunicaci\u00f3n Alimentaci\u00f3n Neonatal\/Pedi\u00e1trica Asesor\u00edas.","isPartOf":{"@id":"https:\/\/canpa.cl\/wp\/#website"},"primaryImageOfPage":{"@id":"https:\/\/canpa.cl\/wp\/semana-de-la-lactancia-2022\/#primaryimage"},"image":{"@id":"https:\/\/canpa.cl\/wp\/semana-de-la-lactancia-2022\/#primaryimage"},"thumbnailUrl":"https:\/\/canpa.cl\/wp\/wp-content\/uploads\/2022\/08\/Copia-de-curso-de-preparacion-1.png","datePublished":"2022-08-19T02:56:32+00:00","dateModified":"2022-10-17T11:31:53+00:00","breadcrumb":{"@id":"https:\/\/canpa.cl\/wp\/semana-de-la-lactancia-2022\/#breadcrumb"},"inLanguage":"es-CL","potentialAction":[{"@type":"ReadAction","target":["https:\/\/canpa.cl\/wp\/semana-de-la-lactancia-2022\/"]}]},{"@type":"ImageObject","inLanguage":"es-CL","@id":"https:\/\/canpa.cl\/wp\/semana-de-la-lactancia-2022\/#primaryimage","url":"https:\/\/canpa.cl\/wp\/wp-content\/uploads\/2022\/08\/Copia-de-curso-de-preparacion-1.png","contentUrl":"https:\/\/canpa.cl\/wp\/wp-content\/uploads\/2022\/08\/Copia-de-curso-de-preparacion-1.png","width":1200,"height":628,"caption":"semana mundial de la lactancia 2022"},{"@type":"BreadcrumbList","@id":"https:\/\/canpa.cl\/wp\/semana-de-la-lactancia-2022\/#breadcrumb","itemListElement":[{"@type":"ListItem","position":1,"name":"Portada","item":"https:\/\/canpa.cl\/wp\/"},{"@type":"ListItem","position":2,"name":"Agosto &#8211; Mes de la Lactancia"}]},{"@type":"WebSite","@id":"https:\/\/canpa.cl\/wp\/#website","url":"https:\/\/canpa.cl\/wp\/","name":"CANPA - Comunicaci\u00f3n Alimentaci\u00f3n Neonatal\/Pedi\u00e1trica Asesor\u00edas.","description":"Formaci\u00f3n para Profesionales de la Salud","publisher":{"@id":"https:\/\/canpa.cl\/wp\/#organization"},"potentialAction":[{"@type":"SearchAction","target":{"@type":"EntryPoint","urlTemplate":"https:\/\/canpa.cl\/wp\/?s={search_term_string}"},"query-input":{"@type":"PropertyValueSpecification","valueRequired":true,"valueName":"search_term_string"}}],"inLanguage":"es-CL"},{"@type":"Organization","@id":"https:\/\/canpa.cl\/wp\/#organization","name":"CANPA - Comunicaci\u00f3n Alimentaci\u00f3n Neonatal\/Pedi\u00e1trica Asesor\u00edas.","url":"https:\/\/canpa.cl\/wp\/","logo":{"@type":"ImageObject","inLanguage":"es-CL","@id":"https:\/\/canpa.cl\/wp\/#\/schema\/logo\/image\/","url":"https:\/\/canpa.cl\/wp\/wp-content\/uploads\/2022\/04\/canpalogo.png","contentUrl":"https:\/\/canpa.cl\/wp\/wp-content\/uploads\/2022\/04\/canpalogo.png","width":176,"height":52,"caption":"CANPA - Comunicaci\u00f3n Alimentaci\u00f3n Neonatal\/Pedi\u00e1trica Asesor\u00edas."},"image":{"@id":"https:\/\/canpa.cl\/wp\/#\/schema\/logo\/image\/"},"sameAs":["https:\/\/www.facebook.com\/lactanciacanpa\/","https:\/\/www.instagram.com\/lactanciacanpa\/"]},{"@type":"Person","@id":"https:\/\/canpa.cl\/wp\/#\/schema\/person\/ff6e04f0d2dc7b4abe7067a2564bbb5e","name":"Comunicaciones CANPA","image":{"@type":"ImageObject","inLanguage":"es-CL","@id":"https:\/\/canpa.cl\/wp\/#\/schema\/person\/image\/","url":"https:\/\/secure.gravatar.com\/avatar\/dbe0a3f32e3e7056ea971b2e14dd80fb27ec6f0b561eea8ada4e706d75479f7b?s=96&d=mm&r=g","contentUrl":"https:\/\/secure.gravatar.com\/avatar\/dbe0a3f32e3e7056ea971b2e14dd80fb27ec6f0b561eea8ada4e706d75479f7b?s=96&d=mm&r=g","caption":"Comunicaciones CANPA"},"url":"https:\/\/canpa.cl\/wp\/author\/difusion\/"}]}},"_links":{"self":[{"href":"https:\/\/canpa.cl\/wp\/wp-json\/wp\/v2\/posts\/1502","targetHints":{"allow":["GET"]}}],"collection":[{"href":"https:\/\/canpa.cl\/wp\/wp-json\/wp\/v2\/posts"}],"about":[{"href":"https:\/\/canpa.cl\/wp\/wp-json\/wp\/v2\/types\/post"}],"author":[{"embeddable":true,"href":"https:\/\/canpa.cl\/wp\/wp-json\/wp\/v2\/users\/8"}],"replies":[{"embeddable":true,"href":"https:\/\/canpa.cl\/wp\/wp-json\/wp\/v2\/comments?post=1502"}],"version-history":[{"count":4,"href":"https:\/\/canpa.cl\/wp\/wp-json\/wp\/v2\/posts\/1502\/revisions"}],"predecessor-version":[{"id":1507,"href":"https:\/\/canpa.cl\/wp\/wp-json\/wp\/v2\/posts\/1502\/revisions\/1507"}],"wp:featuredmedia":[{"embeddable":true,"href":"https:\/\/canpa.cl\/wp\/wp-json\/wp\/v2\/media\/1503"}],"wp:attachment":[{"href":"https:\/\/canpa.cl\/wp\/wp-json\/wp\/v2\/media?parent=1502"}],"wp:term":[{"taxonomy":"category","embeddable":true,"href":"https:\/\/canpa.cl\/wp\/wp-json\/wp\/v2\/categories?post=1502"},{"taxonomy":"post_tag","embeddable":true,"href":"https:\/\/canpa.cl\/wp\/wp-json\/wp\/v2\/tags?post=1502"}],"curies":[{"name":"wp","href":"https:\/\/api.w.org\/{rel}","templated":true}]}}